{"id":3829,"date":"2026-09-02T16:48:55","date_gmt":"2026-09-02T14:48:55","guid":{"rendered":"https:\/\/errotaldea.org\/?p=3829"},"modified":"2026-09-02T18:52:45","modified_gmt":"2026-09-02T16:52:45","slug":"la-polilla-del-boj-exito-del-verano-2026","status":"publish","type":"post","link":"https:\/\/errotaldea.org\/eu\/la-polilla-del-boj-exito-del-verano-2026\/","title":{"rendered":"La polilla del boj, \u00ab\u00e9xito\u00bb del verano 2026"},"content":{"rendered":"<p>Este verano que acaba lo recordaremos por las nubes de peque\u00f1as mariposas que nos han sorprendido desde mediados de junio. R\u00e1pidamente alguien las identific\u00f3 como la polilla del boj, de la que hasta este a\u00f1o en Unzu\u00e9 solo conoc\u00edamos de o\u00eddas.<\/p>\n<p>Hoy 2 de septiembre, Xabier Santesteban Insausti, de OREKAN, Sociedad P\u00fablica de Gobierno de Navarra dedicada a la Gesti\u00f3n Medioambiental, ha venido para contarnos qu\u00e9 es esta \u00abplaga\u00bb, c\u00f3mo ha aparecido en Europa procedente del Este de Asia (este de China y Rusia, Corea, Jap\u00f3n, Taiwan&#8230;), c\u00f3mo se difunde, h\u00e1bitats preferido, ciclo reproductivo, etc.. y sobre todo d\u00e1ndonos una perspectiva realista sobre los da\u00f1os que van a sufrir nuestros bojedales y sus perspectivas de recuperaci\u00f3n.<\/p>\n<p><img loading=\"lazy\" decoding=\"async\" class=\"alignleft size-medium wp-image-3826\" src=\"https:\/\/errotaldea.org\/wp-content\/uploads\/2026\/09\/SANA-SILVA-224x300.jpg\" alt=\"\" width=\"224\" height=\"300\" srcset=\"https:\/\/errotaldea.org\/wp-content\/uploads\/2026\/09\/SANA-SILVA-224x300.jpg 224w, https:\/\/errotaldea.org\/wp-content\/uploads\/2026\/09\/SANA-SILVA-766x1024.jpg 766w, https:\/\/errotaldea.org\/wp-content\/uploads\/2026\/09\/SANA-SILVA-768x1026.jpg 768w, https:\/\/errotaldea.org\/wp-content\/uploads\/2026\/09\/SANA-SILVA-1149x1536.jpg 1149w, https:\/\/errotaldea.org\/wp-content\/uploads\/2026\/09\/SANA-SILVA-1532x2048.jpg 1532w, https:\/\/errotaldea.org\/wp-content\/uploads\/2026\/09\/SANA-SILVA-9x12.jpg 9w, https:\/\/errotaldea.org\/wp-content\/uploads\/2026\/09\/SANA-SILVA-scaled.jpg 1916w\" sizes=\"(max-width: 224px) 100vw, 224px\" \/>OREKAN, junto con Gobierno de Navarra, es tambi\u00e9n parte de un proyecto transpirenaico Espa\u00f1a-Francia-Andorra financiado por la Uni\u00f3n Europea, para hacer frente a las amenazas ecol\u00f3gicas derivadas tanto del cambio clim\u00e1tico como de los retos de la globalizaci\u00f3n. La polilla del boj no es la primera ni ser\u00e1 la \u00faltima.<\/p>\n<p>La charla se prolong\u00f3 con un animado coloquio que nos llev\u00f3 hasta las dos horas de sentada.<\/p>\n<p>Ha sido un placer disfrutar de esta charla y poder volver a nuestros montes a contemplar lo mismo de ayer con ojos nuevos.<\/p>\n<p><img loading=\"lazy\" decoding=\"async\" class=\"aligncenter wp-image-3827\" src=\"https:\/\/errotaldea.org\/wp-content\/uploads\/2026\/09\/POLILLA-DEL-BOJ-300x169.jpeg\" alt=\"\" width=\"720\" height=\"405\" srcset=\"https:\/\/errotaldea.org\/wp-content\/uploads\/2026\/09\/POLILLA-DEL-BOJ-300x169.jpeg 300w, https:\/\/errotaldea.org\/wp-content\/uploads\/2026\/09\/POLILLA-DEL-BOJ-1024x576.jpeg 1024w, https:\/\/errotaldea.org\/wp-content\/uploads\/2026\/09\/POLILLA-DEL-BOJ-768x432.jpeg 768w, https:\/\/errotaldea.org\/wp-content\/uploads\/2026\/09\/POLILLA-DEL-BOJ-1536x864.jpeg 1536w, https:\/\/errotaldea.org\/wp-content\/uploads\/2026\/09\/POLILLA-DEL-BOJ-18x10.jpeg 18w, https:\/\/errotaldea.org\/wp-content\/uploads\/2026\/09\/POLILLA-DEL-BOJ.jpeg 2040w\" sizes=\"(max-width: 720px) 100vw, 720px\" \/><\/p>\n<p>&nbsp;<\/p>\n<p>&nbsp;<\/p>","protected":false},"excerpt":{"rendered":"<p>Este verano que acaba lo recordaremos por las nubes de peque\u00f1as mariposas que nos han sorprendido desde mediados de junio. R\u00e1pidamente alguien las identific\u00f3 como la polilla del boj, de&#8230; <\/p>","protected":false},"author":52,"featured_media":3828,"comment_status":"open","ping_status":"open","sticky":false,"template":"","format":"standard","meta":{"_EventAllDay":false,"_EventTimezone":"","_EventStartDate":"","_EventEndDate":"","_EventStartDateUTC":"","_EventEndDateUTC":"","_EventShowMap":false,"_EventShowMapLink":false,"_EventURL":"","_EventCost":"","_EventCostDescription":"","_EventCurrencySymbol":"","_EventCurrencyCode":"","_EventCurrencyPosition":"","_EventDateTimeSeparator":"","_EventTimeRangeSeparator":"","_EventOrganizerID":[],"_EventVenueID":[],"_OrganizerEmail":"","_OrganizerPhone":"","_OrganizerWebsite":"","_VenueAddress":"","_VenueCity":"","_VenueCountry":"","_VenueProvince":"","_VenueState":"","_VenueZip":"","_VenuePhone":"","_VenueURL":"","_VenueStateProvince":"","_VenueLat":"","_VenueLng":"","_VenueShowMap":false,"_VenueShowMapLink":false,"jetpack_post_was_ever_published":false,"_jetpack_newsletter_access":"","_jetpack_dont_email_post_to_subs":false,"_jetpack_newsletter_tier_id":0,"_jetpack_memberships_contains_paywalled_content":false,"_jetpack_memberships_contains_paid_content":false,"footnotes":""},"categories":[2],"tags":[],"class_list":["post-3829","post","type-post","status-publish","format-standard","has-post-thumbnail","hentry","category-actividades-jarduerak"],"jetpack_featured_media_url":"https:\/\/errotaldea.org\/wp-content\/uploads\/2026\/09\/CARTEL-Charla-Cydalima.png","jetpack_sharing_enabled":true,"_links":{"self":[{"href":"https:\/\/errotaldea.org\/eu\/wp-json\/wp\/v2\/posts\/3829"}],"collection":[{"href":"https:\/\/errotaldea.org\/eu\/wp-json\/wp\/v2\/posts"}],"about":[{"href":"https:\/\/errotaldea.org\/eu\/wp-json\/wp\/v2\/types\/post"}],"author":[{"embeddable":true,"href":"https:\/\/errotaldea.org\/eu\/wp-json\/wp\/v2\/users\/52"}],"replies":[{"embeddable":true,"href":"https:\/\/errotaldea.org\/eu\/wp-json\/wp\/v2\/comments?post=3829"}],"version-history":[{"count":3,"href":"https:\/\/errotaldea.org\/eu\/wp-json\/wp\/v2\/posts\/3829\/revisions"}],"predecessor-version":[{"id":3832,"href":"https:\/\/errotaldea.org\/eu\/wp-json\/wp\/v2\/posts\/3829\/revisions\/3832"}],"wp:featuredmedia":[{"embeddable":true,"href":"https:\/\/errotaldea.org\/eu\/wp-json\/wp\/v2\/media\/3828"}],"wp:attachment":[{"href":"https:\/\/errotaldea.org\/eu\/wp-json\/wp\/v2\/media?parent=3829"}],"wp:term":[{"taxonomy":"category","embeddable":true,"href":"https:\/\/errotaldea.org\/eu\/wp-json\/wp\/v2\/categories?post=3829"},{"taxonomy":"post_tag","embeddable":true,"href":"https:\/\/errotaldea.org\/eu\/wp-json\/wp\/v2\/tags?post=3829"}],"curies":[{"name":"wp","href":"https:\/\/api.w.org\/{rel}","templated":true}]}}